{"id":1357,"date":"2024-08-08T13:20:33","date_gmt":"2024-08-08T11:20:33","guid":{"rendered":"https:\/\/makubezpieczenia.pl\/?p=1357"},"modified":"2025-04-23T14:38:18","modified_gmt":"2025-04-23T12:38:18","slug":"katarzyna-jaworowska-doradca-zarzadu","status":"publish","type":"post","link":"https:\/\/makubezpieczenia.pl\/en\/katarzyna-jaworowska-doradca-zarzadu\/","title":{"rendered":"Katarzyna Jaworowska Doradc\u0105 Zarz\u0105du Grupy MAK"},"content":{"rendered":"<p><strong>Katarzyna Jaworowska Doradc\u0105 Zarz\u0105du MAK Ubezpieczenia ds. Ubezpiecze\u0144 Komunikacyjnych.<\/strong><\/p>\n<p>&nbsp;<br \/>\nZ przyjemno\u015bci\u0105 informujemy, \u017ce dotychczasowa Dyrektor Dzia\u0142u Ubezpiecze\u0144 Komunikacyjnych, Katarzyna Jaworowska, zosta\u0142a powo\u0142ana na stanowisko Doradcy Zarz\u0105du ds. Ubezpiecze\u0144 Komunikacyjnych.<\/p>\n<p>&nbsp;<\/p>\n<p>Ta nominacja jest wyrazem uznania dla jej dotychczasowych osi\u0105gni\u0119\u0107 oraz wysokich kompetencji, kt\u00f3re wnios\u0142a wraz ze swoim zespo\u0142em do\u0142\u0105czaj\u0105c do naszej organizacji. Kasia, dzi\u0119ki zaanga\u017cowaniu swojemu i zespo\u0142u, kt\u00f3ry ma zaszczyt prowadzi\u0107, osi\u0105gn\u0119\u0142a wiele sukces\u00f3w w obszarze zarz\u0105dzania i innowacji.<\/p>\n<p>&nbsp;<\/p>\n<p>Nowa rola pozwoli Kasi skupi\u0107 si\u0119 na strategicznych aspektach rozwoju naszych us\u0142ug ubezpiecze\u0144 komunikacyjnych, co z pewno\u015bci\u0105 przyniesie korzy\u015bci zar\u00f3wno naszej firmie, jak i naszym Klientom. Realizuj\u0105c nowe wyzwania b\u0119dzie nadal wsp\u00f3\u0142pracowa\u0107 ze swoim Zespo\u0142em, aby kontynuowa\u0107 wsp\u00f3lne d\u0105\u017cenie do doskona\u0142o\u015bci i wprowadzania nowoczesnych rozwi\u0105za\u0144 na rynku ubezpiecze\u0144.<\/p>\n<p>&nbsp;<\/p>\n<p><em>\u201eCiesz\u0119 si\u0119 z otrzymanej szansy i jestem wdzi\u0119czna za zaufanie, jakim obdarzy\u0142 mnie Zarz\u0105d. To dla mnie ogromne wyr\u00f3\u017cnienie i jednocze\u015bnie motywacja do dalszej pracy. Razem z moim Zespo\u0142em, z kt\u00f3rego jestem niezmiernie dumna, b\u0119dziemy kontynuowa\u0107 nasze dzia\u0142ania, d\u0105\u017c\u0105c do podnoszenia standard\u00f3w w obszarze ubezpiecze\u0144 komunikacyjnych.\u201d<\/em> \u2013 podsumowuje Katarzyna Jaworowska<\/p>\n<p>&nbsp;<\/p>\n<p><strong><em>\u201e<\/em><\/strong><em>Kasia to manager z wieloletnim do\u015bwiadczeniem w bran\u017cy ubezpieczeniowej i g\u0142\u0119bok\u0105 wiedz\u0105 na temat rynku ubezpiecze\u0144 komunikacyjnych. Wnios\u0142a do naszej firmy niezwykle cenne kompetencje, a jej dotychczasowa kariera jest pe\u0142na sukces\u00f3w, kt\u00f3re znacz\u0105co przyczyni\u0142y si\u0119 do rozwoju oferowanych przez Grup\u0119 MAK us\u0142ug.\u201d<\/em>\u00a0\u2013 podkre\u015bla Andrzej Wasilewski, Prezes MAK Ubezpieczenia<\/p>\n<p>&nbsp;<\/p>\n<p><strong>Gratulujemy Kasi nowej roli!<\/strong><\/p>","protected":false},"excerpt":{"rendered":"<p>Katarzyna Jaworowska Doradc\u0105 Zarz\u0105du MAK Ubezpieczenia ds. Ubezpiecze\u0144 Komunikacyjnych. &nbsp; Z przyjemno\u015bci\u0105 informujemy, \u017ce dotychczasowa Dyrektor Dzia\u0142u Ubezpiecze\u0144 Komunikacyjnych, Katarzyna Jaworowska, zosta\u0142a powo\u0142ana na stanowisko Doradcy Zarz\u0105du ds. Ubezpiecze\u0144 Komunikacyjnych. &nbsp; Ta nominacja jest wyrazem uznania dla jej dotychczasowych osi\u0105gni\u0119\u0107 oraz wysokich kompetencji, kt\u00f3re wnios\u0142a wraz ze swoim zespo\u0142em do\u0142\u0105czaj\u0105c do naszej organizacji. Kasia, dzi\u0119ki [&hellip;]<\/p>","protected":false},"author":5,"featured_media":1368,"comment_status":"closed","ping_status":"open","sticky":false,"template":"","format":"standard","meta":{"_acf_changed":false,"footnotes":""},"categories":[4],"tags":[25,24,27,26,23],"table_tags":[],"class_list":["post-1357","post","type-post","status-publish","format-standard","has-post-thumbnail","hentry","category-mak-ubezpieczenia","tag-doradca","tag-grupamak","tag-jaworowska","tag-katarzyna","tag-zarzad"],"acf":[],"_links":{"self":[{"href":"https:\/\/makubezpieczenia.pl\/en\/wp-json\/wp\/v2\/posts\/1357","targetHints":{"allow":["GET"]}}],"collection":[{"href":"https:\/\/makubezpieczenia.pl\/en\/wp-json\/wp\/v2\/posts"}],"about":[{"href":"https:\/\/makubezpieczenia.pl\/en\/wp-json\/wp\/v2\/types\/post"}],"author":[{"embeddable":true,"href":"https:\/\/makubezpieczenia.pl\/en\/wp-json\/wp\/v2\/users\/5"}],"replies":[{"embeddable":true,"href":"https:\/\/makubezpieczenia.pl\/en\/wp-json\/wp\/v2\/comments?post=1357"}],"version-history":[{"count":15,"href":"https:\/\/makubezpieczenia.pl\/en\/wp-json\/wp\/v2\/posts\/1357\/revisions"}],"predecessor-version":[{"id":1737,"href":"https:\/\/makubezpieczenia.pl\/en\/wp-json\/wp\/v2\/posts\/1357\/revisions\/1737"}],"wp:featuredmedia":[{"embeddable":true,"href":"https:\/\/makubezpieczenia.pl\/en\/wp-json\/wp\/v2\/media\/1368"}],"wp:attachment":[{"href":"https:\/\/makubezpieczenia.pl\/en\/wp-json\/wp\/v2\/media?parent=1357"}],"wp:term":[{"taxonomy":"category","embeddable":true,"href":"https:\/\/makubezpieczenia.pl\/en\/wp-json\/wp\/v2\/categories?post=1357"},{"taxonomy":"post_tag","embeddable":true,"href":"https:\/\/makubezpieczenia.pl\/en\/wp-json\/wp\/v2\/tags?post=1357"},{"taxonomy":"table_tags","embeddable":true,"href":"https:\/\/makubezpieczenia.pl\/en\/wp-json\/wp\/v2\/table_tags?post=1357"}],"curies":[{"name":"wp","href":"https:\/\/api.w.org\/{rel}","templated":true}]}}