{"id":2852,"date":"2024-10-30T16:00:50","date_gmt":"2024-10-30T15:00:50","guid":{"rendered":"https:\/\/makubezpieczenia.pl\/?p=2852"},"modified":"2025-04-23T14:38:18","modified_gmt":"2025-04-23T12:38:18","slug":"2852-2","status":"publish","type":"post","link":"https:\/\/makubezpieczenia.pl\/en\/2852-2\/","title":{"rendered":"Joanna Wittmeyer Dyrektorem Departamentu Ubezpiecze\u0144 i Benefit\u00f3w Pracowniczych"},"content":{"rendered":"<p>Z pocz\u0105tkiem pa\u017adziernika <a id=\"ember345\" class=\"ember-view\" href=\"https:\/\/www.linkedin.com\/in\/joanna-wittmeyer-d-k%C4%99dzierska-89256865\/\">Joanna Wittmeyer (d.K\u0119dzierska)<\/a> zosta\u0142a powo\u0142ana na stanowisko Dyrektora Departamentu Ubezpiecze\u0144 i Benefit\u00f3w Pracowniczych.<\/p>\n<p>&nbsp;<\/p>\n<p>Joanna z Grup\u0105 MAK zwi\u0105zana jest od 8 lat, a od 24 z rynkiem ubezpieczeniowym. Od 2016 roku budowa\u0142a w Grupie MAK struktury dzia\u0142u ubezpiecze\u0144 grupowych, wdra\u017caj\u0105c u Klient\u00f3w programy ubezpiecze\u0144 na \u017cycie i zdrowotnych.<\/p>\n<p>&nbsp;<\/p>\n<p>\ud83d\udcac \u201eOgromnie ciesz\u0119 si\u0119, \u017ce moja dotychczasowa praca i do\u015bwiadczenie zosta\u0142y docenione przez Zarz\u0105d i zaufali mi powierzaj\u0105c kierowanie tak rozbudowanym Departamentem. Przez ostatnie lata, dzi\u0119ki bliskiej wsp\u00f3\u0142pracy z ca\u0142ym zespo\u0142em i klientami, doskonale pozna\u0142am zadania i wyzwania naszego Departamentu. Nasz\u0105 si\u0142\u0105 s\u0105 ludzie i w nowej roli na pierwszym miejscu stawiam na rozw\u00f3j zespo\u0142u, bo uwa\u017cam, \u017ce w\u0142a\u015bnie dzi\u0119ki temu jeste\u015bmy wstanie jeszcze lepiej wykorzysta\u0107 potencja\u0142, kt\u00f3ry w nim le\u017cy. Szczeg\u00f3lne podzi\u0119kowania kieruje do <a id=\"ember346\" class=\"ember-view\" href=\"https:\/\/www.linkedin.com\/in\/robert-grabowski-73b5208a\/\">Robert Grabowski<\/a> , kt\u00f3ry kilka lat temu mi zaufa\u0142 i jest moim Mentorem. \u201d\u2013 podkre\u015bla Joanna Wittmeyer.<\/p>","protected":false},"excerpt":{"rendered":"<p>Z pocz\u0105tkiem pa\u017adziernika Joanna Wittmeyer (d.K\u0119dzierska) zosta\u0142a powo\u0142ana na stanowisko Dyrektora Departamentu Ubezpiecze\u0144 i Benefit\u00f3w Pracowniczych. &nbsp; Joanna z Grup\u0105 MAK zwi\u0105zana jest od 8 lat, a od 24 z rynkiem ubezpieczeniowym. Od 2016 roku budowa\u0142a w Grupie MAK struktury dzia\u0142u ubezpiecze\u0144 grupowych, wdra\u017caj\u0105c u Klient\u00f3w programy ubezpiecze\u0144 na \u017cycie i zdrowotnych. &nbsp; \ud83d\udcac \u201eOgromnie [&hellip;]<\/p>","protected":false},"author":5,"featured_media":2853,"comment_status":"closed","ping_status":"open","sticky":false,"template":"","format":"standard","meta":{"_acf_changed":false,"footnotes":""},"categories":[4],"tags":[48,30,47,44,35,46,45],"table_tags":[],"class_list":["post-2852","post","type-post","status-publish","format-standard","has-post-thumbnail","hentry","category-mak-ubezpieczenia","tag-departamentu","tag-dyrektor","tag-grupa","tag-joanna","tag-mak","tag-ubezpieczenia","tag-wittmeyer"],"acf":[],"_links":{"self":[{"href":"https:\/\/makubezpieczenia.pl\/en\/wp-json\/wp\/v2\/posts\/2852","targetHints":{"allow":["GET"]}}],"collection":[{"href":"https:\/\/makubezpieczenia.pl\/en\/wp-json\/wp\/v2\/posts"}],"about":[{"href":"https:\/\/makubezpieczenia.pl\/en\/wp-json\/wp\/v2\/types\/post"}],"author":[{"embeddable":true,"href":"https:\/\/makubezpieczenia.pl\/en\/wp-json\/wp\/v2\/users\/5"}],"replies":[{"embeddable":true,"href":"https:\/\/makubezpieczenia.pl\/en\/wp-json\/wp\/v2\/comments?post=2852"}],"version-history":[{"count":5,"href":"https:\/\/makubezpieczenia.pl\/en\/wp-json\/wp\/v2\/posts\/2852\/revisions"}],"predecessor-version":[{"id":2858,"href":"https:\/\/makubezpieczenia.pl\/en\/wp-json\/wp\/v2\/posts\/2852\/revisions\/2858"}],"wp:featuredmedia":[{"embeddable":true,"href":"https:\/\/makubezpieczenia.pl\/en\/wp-json\/wp\/v2\/media\/2853"}],"wp:attachment":[{"href":"https:\/\/makubezpieczenia.pl\/en\/wp-json\/wp\/v2\/media?parent=2852"}],"wp:term":[{"taxonomy":"category","embeddable":true,"href":"https:\/\/makubezpieczenia.pl\/en\/wp-json\/wp\/v2\/categories?post=2852"},{"taxonomy":"post_tag","embeddable":true,"href":"https:\/\/makubezpieczenia.pl\/en\/wp-json\/wp\/v2\/tags?post=2852"},{"taxonomy":"table_tags","embeddable":true,"href":"https:\/\/makubezpieczenia.pl\/en\/wp-json\/wp\/v2\/table_tags?post=2852"}],"curies":[{"name":"wp","href":"https:\/\/api.w.org\/{rel}","templated":true}]}}