{"id":3070,"date":"2025-01-13T14:39:47","date_gmt":"2025-01-13T13:39:47","guid":{"rendered":"https:\/\/makubezpieczenia.pl\/?p=3070"},"modified":"2025-04-23T14:38:18","modified_gmt":"2025-04-23T12:38:18","slug":"wektory-2024-nagroda-dla-wizjonerow-napedzajacych-postep-w-polsce","status":"publish","type":"post","link":"https:\/\/makubezpieczenia.pl\/en\/wektory-2024-nagroda-dla-wizjonerow-napedzajacych-postep-w-polsce\/","title":{"rendered":"Wektory 2024. Nagroda dla wizjoner\u00f3w nap\u0119dzaj\u0105cych post\u0119p w Polsce"},"content":{"rendered":"<p>MAK Ubezpieczenia po raz drugi zosta\u0142 Partnerem Strategicznym Gali Wektory 2024. To presti\u017cowe nagrody Pracodawc\u00f3w RP dla wyj\u0105tkowych os\u00f3b ze \u015bwiata biznesu, polityki, kultury i medi\u00f3w, kt\u00f3re w znacz\u0105cy spos\u00f3b wp\u0142yn\u0119\u0142y na rozw\u00f3j gospodarczy, spo\u0142eczny i kulturalny Polski. MAK Ubezpieczenia jest zaanga\u017cowany w szereg inicjatyw Pracodawc\u00f3w RP, Prezes Zarz\u0105du Andrzej Wasilewski jest Cz\u0142onkiem Kapitu\u0142y Wektor\u00f3w 2024.<\/p>\n<p>&nbsp;<\/p>\n<p>&nbsp;<\/p>\n<p>Od 2002 roku te zaszczytne wyr\u00f3\u017cnienia s\u0105 wyrazem uznania dla wizjonerskich lider\u00f3w, kt\u00f3rzy wnie\u015bli znacz\u0105cy wk\u0142ad w rozw\u00f3j polskiej gospodarki, wprowadzili prze\u0142omowe innowacje, wyznaczaj\u0105c nowe standardy sukcesu. W tym roku Wektory przyznano po raz dwudziesty trzeci.<\/p>\n<p>&nbsp;<\/p>\n<p>&nbsp;<\/p>\n<p>Nagrod\u0119 za wybitne sukcesy gospodarcze minionego roku z r\u0105k Andrzeja Wasilewskiego otrzyma\u0142a sp\u00f3\u0142ka Nevomo, kt\u00f3ra rozwija technologi\u0119 kolei magnetycznej \u2013 MagRail.<\/p>\n<p>&nbsp;<\/p>\n<p>&nbsp;<\/p>\n<blockquote><p><em>- Jeste\u015bmy dumni z tego, \u017ce mo\u017cemy nagrodzi\u0107 osoby, kt\u00f3re nap\u0119dzaj\u0105 post\u0119p spo\u0142eczny i gospodarczy, nadaj\u0105 dynamiki naszemu spo\u0142ecze\u0144stwu. Wektory s\u0105 \u015bwiadectwem po\u015bwi\u0119cenia i pomys\u0142owo\u015bci tych, kt\u00f3rzy nadal kszta\u0142tuj\u0105 nowy krajobraz Polski. Uznaj\u0105c te wybitne osi\u0105gni\u0119cia, inicjatywa ma na celu zainspirowanie przysz\u0142ych lider\u00f3w do p\u00f3j\u015bcia w ich \u015blady i nap\u0119dzania rozwoju gospodarczego<\/em> \u2013 m\u00f3wi prezes MAK Ubezpieczenia Andrzej Wasilewski.<\/p><\/blockquote>\n<p>&nbsp;<\/p>\n<p>&nbsp;<\/p>\n<p>S\u0142owem definiuj\u0105cym tegoroczn\u0105 gal\u0119 wr\u0119czenia nagr\u00f3d Pracodawc\u00f3w RP by\u0142y \u201eprze\u0142omy\u201d. Wektory to jak co roku okazja do dialogu na temat relacji polskiego biznesu z otoczeniem oraz szukania odpowiedzi na wyzwania, takie jak obronno\u015b\u0107 i bezpiecze\u0144stwo, ochrona zdrowia, nowoczesne technologie oraz sztuczna inteligencja. Firmy dzia\u0142aj\u0105ce w tych sektorach i wykorzystuj\u0105ce ich zdobycze znalaz\u0142y uznanie w oczach kapitu\u0142y Wektor\u00f3w 2024.<\/p>\n<p>&nbsp;<\/p>\n<p>&nbsp;<\/p>\n<blockquote><p><em>\u2013 23. edycja Gali Wektory by\u0142a okazj\u0105 do podsumowania naszego rozwoju, polskiego cudu gospodarczego na skal\u0119 \u015bwiatow\u0105. Od 1990 roku PKB per capita liczone w parytecie si\u0142y nabywczej wzros\u0142o o ponad 200%. Od 1989 r. zanotowali\u015bmy 28-krotny wzrost warto\u015bci polskiego eksportu. W Polsce mamy dzi\u015b ponad 5 milion\u00f3w firm, ponad 10 razy wi\u0119cej ni\u017c u progu transformacji. Za nami mn\u00f3stwo prze\u0142omowych chwil, a kolejne czekaj\u0105 za rogiem. Wektory to okazja, by nakre\u015bli\u0107 wizj\u0119 przysz\u0142o\u015bci, tego jak b\u0119dzie si\u0119 rozwija\u0142 nasz kraj i Europa w okresie wielu politycznych, gospodarczych i spo\u0142ecznych wyzwa\u0144<\/em> \u2013 m\u00f3wi\u0142 podczas gali Rafa\u0142 Dutkiewicz, Prezes Zarz\u0105du Pracodawc\u00f3w RP.<\/p><\/blockquote>\n<p>&nbsp;<\/p>\n<p>&nbsp;<\/p>\n<h4><strong>Trzy i p\u00f3\u0142 dekady rozwoju polskiej gospodarki<\/strong><\/h4>\n<p>&nbsp;<\/p>\n<p>Charakter gali podkre\u015bli\u0142a obecno\u015b\u0107 premier\u00f3w, prezydent\u00f3w i ministr\u00f3w z r\u00f3\u017cnych okres\u00f3w 35-lecia, m.in. Prezydent Lech Wa\u0142\u0119sa, Minister Finans\u00f3w Andrzej Doma\u0144ski, Minister Sprawiedliwo\u015bci Adam Bodnar, Wicepremier Krzysztof Gawkowski czy Szef Biura Bezpiecze\u0144stwa Narodowego Jacek Siewiera oraz wirtualnie Prezydent Aleksander Kwa\u015bniewski. Symboliczny wymiar mia\u0142o wr\u0119czenie nagrody specjalnej \u2013 Super Wektora \u2013 Jerzemu Buzkowi, kt\u00f3ry jako Premier odpowiada\u0142 za Program Czterech Reform, a jako Przewodnicz\u0105cy Parlamentu Europejskiego anga\u017cowa\u0142 si\u0119 w tworzenie sprzyjaj\u0105cego otoczenia dla polskiego biznesu.<\/p>\n<p>&nbsp;<\/p>\n<p>&nbsp;<\/p>\n<blockquote><p><em>\u2013 Przed nami prezydencja w Unii Europejskiej, kt\u00f3r\u0105 znakomicie przygotowa\u0142 rz\u0105d. To tak\u017ce dar dla przedsi\u0119biorc\u00f3w, kt\u00f3rzy stanowi\u0105 fundament unijnej wsp\u00f3lnoty. Macie te same za\u0142o\u017cenia, warto\u015bci i zasady, kt\u00f3re le\u017c\u0105 u podstaw Unii: wolno\u015b\u0107, zdrow\u0105 konkurencj\u0119 czy r\u00f3wno\u015b\u0107. Udaje si\u0119 wam robi\u0107 niezwyk\u0142e rzeczy. Teraz przed nami p\u00f3\u0142 roku dla Polski i Polak\u00f3w. Przed nami mn\u00f3stwo spotka\u0144 nap\u0119dzanych duchem przedsi\u0119biorczo\u015bci \u2013<\/em> powiedzia\u0142 po odebraniu Super Wektora Premier Jerzy Buzek.<\/p><\/blockquote>\n<p>&nbsp;<\/p>\n<p>&nbsp;<\/p>\n<h4><strong>Laureaci Wektor\u00f3w 2024:<\/strong><\/h4>\n<p>&nbsp;<\/p>\n<p>Osoby:<\/p>\n<ul>\n<li>Adrian Stachura (Barel Poland Sp. z o.o.)<\/li>\n<li>Dr n. med. Ma\u0142gorzata Adamkiewicz (Adamed Pharma S.A.)<\/li>\n<li>Tadeusz Chmielewski (Rohlig Suus Logistics S.A.)<\/li>\n<li>Dariusz Ga\u0142\u0119zewski (Oshee Polska Sp. z o.o.)<\/li>\n<li>Dorota W\u0142och (Eneris Surowce Sp. z o.o.)<\/li>\n<li>Justyna Ka\u017amierczak (Czwarta Apteka \"Zdrowit\")<\/li>\n<li>Beata Drzazga (Drzazga Clinic)<\/li>\n<\/ul>\n<p>&nbsp;<\/p>\n<p>Firmy i organizacje:<\/p>\n<ul>\n<li>KRUK S.A.<\/li>\n<li>Qair Polska S.A.<\/li>\n<li>Nevomo SMT Sp. z o.o.<\/li>\n<\/ul>\n<p>&nbsp;<\/p>\n<p>Laureaci Wektor\u00f3w 35-lecia:<\/p>\n<ul>\n<li>dr hab. Andrzej Fal (Polskie Towarzystwo Zdrowia Publicznego)<\/li>\n<li>Adam G\u00f3ral (Asseco Poland S.A.)<\/li>\n<li>Polska Organizacja Pracodawc\u00f3w Os\u00f3b Niepe\u0142nosprawnych<\/li>\n<li>Federacja Zwi\u0105zk\u00f3w Pracodawc\u00f3w Ochrony Zdrowia \"Porozumienie Zielonog\u00f3rskie\"<\/li>\n<li>Business Insider<\/li>\n<\/ul>\n<p>&nbsp;<\/p>\n<p><strong>Wektor Serca:<\/strong> Inicjatywa \"Przedsi\u0119biorcy dla Powodzian\" - konsorcjum: Polska Rada Biznesu, BNI Polska, Corporate Connections, Konfederacja Lewiatan,<\/p>\n<p><strong>Super Wektor:<\/strong> Jerzy Buzek<\/p>\n<p>&nbsp;<\/p>\n<p>&nbsp;<\/p>\n\n\t\t<style type=\"text\/css\">\n\t\t\t#gallery-1 {\n\t\t\t\tmargin: auto;\n\t\t\t}\n\t\t\t#gallery-1 .gallery-item {\n\t\t\t\tfloat: left;\n\t\t\t\tmargin-top: 10px;\n\t\t\t\ttext-align: center;\n\t\t\t\twidth: 100%;\n\t\t\t}\n\t\t\t#gallery-1 img {\n\t\t\t\tborder: 2px solid #cfcfcf;\n\t\t\t}\n\t\t\t#gallery-1 .gallery-caption {\n\t\t\t\tmargin-left: 0;\n\t\t\t}\n\t\t\t\/* see gallery_shortcode() in wp-includes\/media.php *\/\n\t\t<\/style>\n\t\t<div id='gallery-1' class='gallery galleryid-3070 gallery-columns-1 gallery-size-full'><dl class='gallery-item'>\n\t\t\t<dt class='gallery-icon landscape'>\n\t\t\t\t<a href='https:\/\/makubezpieczenia.pl\/en\/wektory-2024-nagroda-dla-wizjonerow-napedzajacych-postep-w-polsce\/pracodawcy_rp_wektory_2024-lq-mof52394\/'><img decoding=\"async\" data-src=\"https:\/\/makubezpieczenia.pl\/wp-content\/uploads\/2025\/01\/PRACODAWCY_RP_WEKTORY_2024-LQ-MOF52394.jpg\" class=\"attachment-full size-full lazyload\" alt=\"\" src=\"data:image\/gif;base64,R0lGODlhAQABAAAAACH5BAEKAAEALAAAAAABAAEAAAICTAEAOw==\" style=\"--smush-placeholder-width: 2000px; --smush-placeholder-aspect-ratio: 2000\/1334;\" \/><noscript><img decoding=\"async\" src=\"https:\/\/makubezpieczenia.pl\/wp-content\/uploads\/2025\/01\/PRACODAWCY_RP_WEKTORY_2024-LQ-MOF52394.jpg\" class=\"attachment-full size-full\" alt=\"\" \/><\/noscript><\/a>\n\t\t\t<\/dt><\/dl><br style=\"clear: both\" \/><dl class='gallery-item'>\n\t\t\t<dt class='gallery-icon landscape'>\n\t\t\t\t<a href='https:\/\/makubezpieczenia.pl\/en\/wektory-2024-nagroda-dla-wizjonerow-napedzajacych-postep-w-polsce\/wektory_zarzad_grupy_mak\/'><img decoding=\"async\" data-src=\"https:\/\/makubezpieczenia.pl\/wp-content\/uploads\/2025\/01\/wektory_zarzad_grupy_MAK.jpg\" class=\"attachment-full size-full lazyload\" alt=\"\" src=\"data:image\/gif;base64,R0lGODlhAQABAAAAACH5BAEKAAEALAAAAAABAAEAAAICTAEAOw==\" style=\"--smush-placeholder-width: 2016px; --smush-placeholder-aspect-ratio: 2016\/1512;\" \/><noscript><img decoding=\"async\" src=\"https:\/\/makubezpieczenia.pl\/wp-content\/uploads\/2025\/01\/wektory_zarzad_grupy_MAK.jpg\" class=\"attachment-full size-full\" alt=\"\" \/><\/noscript><\/a>\n\t\t\t<\/dt><\/dl><br style=\"clear: both\" \/><dl class='gallery-item'>\n\t\t\t<dt class='gallery-icon portrait'>\n\t\t\t\t<a href='https:\/\/makubezpieczenia.pl\/en\/wektory-2024-nagroda-dla-wizjonerow-napedzajacych-postep-w-polsce\/wektory_andrzej_wasilewski\/'><img decoding=\"async\" data-src=\"https:\/\/makubezpieczenia.pl\/wp-content\/uploads\/2025\/01\/wektory_Andrzej_Wasilewski.jpg\" class=\"attachment-full size-full lazyload\" alt=\"\" src=\"data:image\/gif;base64,R0lGODlhAQABAAAAACH5BAEKAAEALAAAAAABAAEAAAICTAEAOw==\" style=\"--smush-placeholder-width: 1512px; --smush-placeholder-aspect-ratio: 1512\/2016;\" \/><noscript><img decoding=\"async\" src=\"https:\/\/makubezpieczenia.pl\/wp-content\/uploads\/2025\/01\/wektory_Andrzej_Wasilewski.jpg\" class=\"attachment-full size-full\" alt=\"\" \/><\/noscript><\/a>\n\t\t\t<\/dt><\/dl><br style=\"clear: both\" \/><dl class='gallery-item'>\n\t\t\t<dt class='gallery-icon landscape'>\n\t\t\t\t<a href='https:\/\/makubezpieczenia.pl\/en\/wektory-2024-nagroda-dla-wizjonerow-napedzajacych-postep-w-polsce\/pracodawcy_rp_wektory_2024-lq-gro18265\/'><img decoding=\"async\" data-src=\"https:\/\/makubezpieczenia.pl\/wp-content\/uploads\/2025\/01\/PRACODAWCY_RP_WEKTORY_2024-LQ-GRO18265.jpg\" class=\"attachment-full size-full lazyload\" alt=\"\" src=\"data:image\/gif;base64,R0lGODlhAQABAAAAACH5BAEKAAEALAAAAAABAAEAAAICTAEAOw==\" style=\"--smush-placeholder-width: 2000px; --smush-placeholder-aspect-ratio: 2000\/1334;\" \/><noscript><img decoding=\"async\" src=\"https:\/\/makubezpieczenia.pl\/wp-content\/uploads\/2025\/01\/PRACODAWCY_RP_WEKTORY_2024-LQ-GRO18265.jpg\" class=\"attachment-full size-full\" alt=\"\" \/><\/noscript><\/a>\n\t\t\t<\/dt><\/dl><br style=\"clear: both\" \/><dl class='gallery-item'>\n\t\t\t<dt class='gallery-icon landscape'>\n\t\t\t\t<a href='https:\/\/makubezpieczenia.pl\/en\/wektory-2024-nagroda-dla-wizjonerow-napedzajacych-postep-w-polsce\/wektory-2024-grupa-mak\/'><img decoding=\"async\" data-src=\"https:\/\/makubezpieczenia.pl\/wp-content\/uploads\/2025\/01\/Wektory-2024-Grupa-MAK.jpg\" class=\"attachment-full size-full lazyload\" alt=\"\" src=\"data:image\/gif;base64,R0lGODlhAQABAAAAACH5BAEKAAEALAAAAAABAAEAAAICTAEAOw==\" style=\"--smush-placeholder-width: 2016px; --smush-placeholder-aspect-ratio: 2016\/1512;\" \/><noscript><img decoding=\"async\" src=\"https:\/\/makubezpieczenia.pl\/wp-content\/uploads\/2025\/01\/Wektory-2024-Grupa-MAK.jpg\" class=\"attachment-full size-full\" alt=\"\" \/><\/noscript><\/a>\n\t\t\t<\/dt><\/dl><br style=\"clear: both\" \/><dl class='gallery-item'>\n\t\t\t<dt class='gallery-icon portrait'>\n\t\t\t\t<a href='https:\/\/makubezpieczenia.pl\/en\/wektory-2024-nagroda-dla-wizjonerow-napedzajacych-postep-w-polsce\/grafika-zbiorcza-wektory\/'><img decoding=\"async\" data-src=\"https:\/\/makubezpieczenia.pl\/wp-content\/uploads\/2025\/01\/grafika-zbiorcza-Wektory.jpg\" class=\"attachment-full size-full lazyload\" alt=\"\" src=\"data:image\/gif;base64,R0lGODlhAQABAAAAACH5BAEKAAEALAAAAAABAAEAAAICTAEAOw==\" style=\"--smush-placeholder-width: 1080px; --smush-placeholder-aspect-ratio: 1080\/1350;\" \/><noscript><img decoding=\"async\" src=\"https:\/\/makubezpieczenia.pl\/wp-content\/uploads\/2025\/01\/grafika-zbiorcza-Wektory.jpg\" class=\"attachment-full size-full\" alt=\"\" \/><\/noscript><\/a>\n\t\t\t<\/dt><\/dl><br style=\"clear: both\" \/>\n\t\t<\/div>\n\n<p>&nbsp;<\/p>","protected":false},"excerpt":{"rendered":"<p>MAK Ubezpieczenia po raz drugi zosta\u0142 Partnerem Strategicznym Gali Wektory 2024. To presti\u017cowe nagrody Pracodawc\u00f3w RP dla wyj\u0105tkowych os\u00f3b ze \u015bwiata biznesu, polityki, kultury i medi\u00f3w, kt\u00f3re w znacz\u0105cy spos\u00f3b wp\u0142yn\u0119\u0142y na rozw\u00f3j gospodarczy, spo\u0142eczny i kulturalny Polski. MAK Ubezpieczenia jest zaanga\u017cowany w szereg inicjatyw Pracodawc\u00f3w RP, Prezes Zarz\u0105du Andrzej Wasilewski jest Cz\u0142onkiem Kapitu\u0142y Wektor\u00f3w [&hellip;]<\/p>","protected":false},"author":5,"featured_media":3088,"comment_status":"closed","ping_status":"open","sticky":false,"template":"","format":"standard","meta":{"_acf_changed":false,"footnotes":""},"categories":[4],"tags":[50,60,47,35,157,49],"table_tags":[],"class_list":["post-3070","post","type-post","status-publish","format-standard","has-post-thumbnail","hentry","category-mak-ubezpieczenia","tag-50","tag-gala","tag-grupa","tag-mak","tag-pracodawcy-rp","tag-wektory"],"acf":[],"_links":{"self":[{"href":"https:\/\/makubezpieczenia.pl\/en\/wp-json\/wp\/v2\/posts\/3070","targetHints":{"allow":["GET"]}}],"collection":[{"href":"https:\/\/makubezpieczenia.pl\/en\/wp-json\/wp\/v2\/posts"}],"about":[{"href":"https:\/\/makubezpieczenia.pl\/en\/wp-json\/wp\/v2\/types\/post"}],"author":[{"embeddable":true,"href":"https:\/\/makubezpieczenia.pl\/en\/wp-json\/wp\/v2\/users\/5"}],"replies":[{"embeddable":true,"href":"https:\/\/makubezpieczenia.pl\/en\/wp-json\/wp\/v2\/comments?post=3070"}],"version-history":[{"count":30,"href":"https:\/\/makubezpieczenia.pl\/en\/wp-json\/wp\/v2\/posts\/3070\/revisions"}],"predecessor-version":[{"id":3108,"href":"https:\/\/makubezpieczenia.pl\/en\/wp-json\/wp\/v2\/posts\/3070\/revisions\/3108"}],"wp:featuredmedia":[{"embeddable":true,"href":"https:\/\/makubezpieczenia.pl\/en\/wp-json\/wp\/v2\/media\/3088"}],"wp:attachment":[{"href":"https:\/\/makubezpieczenia.pl\/en\/wp-json\/wp\/v2\/media?parent=3070"}],"wp:term":[{"taxonomy":"category","embeddable":true,"href":"https:\/\/makubezpieczenia.pl\/en\/wp-json\/wp\/v2\/categories?post=3070"},{"taxonomy":"post_tag","embeddable":true,"href":"https:\/\/makubezpieczenia.pl\/en\/wp-json\/wp\/v2\/tags?post=3070"},{"taxonomy":"table_tags","embeddable":true,"href":"https:\/\/makubezpieczenia.pl\/en\/wp-json\/wp\/v2\/table_tags?post=3070"}],"curies":[{"name":"wp","href":"https:\/\/api.w.org\/{rel}","templated":true}]}}