{"id":3187,"date":"2025-02-10T12:17:08","date_gmt":"2025-02-10T11:17:08","guid":{"rendered":"https:\/\/makubezpieczenia.pl\/?p=3187"},"modified":"2025-04-23T14:38:18","modified_gmt":"2025-04-23T12:38:18","slug":"piotr-slazak-nowym-czlonkiem-zarzadu-mak-ubezpieczenia","status":"publish","type":"post","link":"https:\/\/makubezpieczenia.pl\/en\/piotr-slazak-nowym-czlonkiem-zarzadu-mak-ubezpieczenia\/","title":{"rendered":"Piotr \u015al\u0105zak  Nowym Cz\u0142onkiem Zarz\u0105du MAK Ubezpieczenia"},"content":{"rendered":"<p>Z przyjemno\u015bci\u0105 informujemy, \u017ce Piotr \u015al\u0105zak zosta\u0142 powo\u0142any na stanowisko Cz\u0142onka Zarz\u0105du <a href=\"https:\/\/makubezpieczenia.pl\/en\/spolka\/mak-ubezpieczenia\/\"><strong>MAK Insurance<\/strong><\/a>. Piotr jest zwi\u0105zany z Grup\u0105 MAK od momentu jej powstania, a w ostatnim czasie pe\u0142ni\u0142 funkcj\u0119 m.in. Prezesa Zarz\u0105du MSL Sp. z o.o., sp\u00f3\u0142ki wchodz\u0105cej w sk\u0142ad Grupy MAK, specjalizuj\u0105cej si\u0119 w kompleksowej obs\u0142udze klient\u00f3w flotowych i leasingowych w zakresie likwidacji szk\u00f3d.<\/p>\n<p>&nbsp;<\/p>\n<p>Jego bogate do\u015bwiadczenie oraz strategiczne podej\u015bcie do zarz\u0105dzania znacz\u0105co przyczyni\u0142y si\u0119 do umocnienia pozycji Grupy MAK w sektorze ubezpiecze\u0144 korporacyjnych.<\/p>\n<p>&nbsp;<\/p>\n<p>\u2013 <em>Jest to dla mnie niezmierny zaszczyt m\u00f3c obj\u0105\u0107 stanowisko w Zarz\u0105dzie MAK Ubezpieczenia \u2013 firmie, z kt\u00f3r\u0105 od lat jestem zwi\u0105zany. Nowa rola to dla mnie nie tylko wyzwanie, ale tak\u017ce motywacja do dalszego zaanga\u017cowania w rozw\u00f3j organizacji, kt\u00f3ra dzi\u0119ki profesjonalizmowi i\u00a0zaanga\u017cowaniu pracownik\u00f3w konsekwentnie utrzymuje siln\u0105 pozycj\u0119 rynkow\u0105 i z roku na rok podnosi poprzeczk\u0119 jeszcze wy\u017cej<\/em> \u2013 <strong>komentuje Piotr \u015al\u0105zak.<\/strong><\/p>\n<p>&nbsp;<\/p>\n<p>Grupa MAK to najwi\u0119kszy polski broker ubezpieczeniowy, dzia\u0142aj\u0105cy na rynku od 30 lat. Grupa obs\u0142uguje ponad 800 tysi\u0119cy polis rocznie, lokuj\u0105c sk\u0142adki ubezpieczeniowe o \u0142\u0105cznej warto\u015bci przekraczaj\u0105cej <strong>2,4 miliarda z\u0142otych<\/strong>. Zesp\u00f3\u0142 liczy ponad 500 pracownik\u00f3w, w tym ponad 200 licencjonowanych broker\u00f3w ubezpieczeniowych.<\/p>\n<p>&nbsp;<\/p>\n<p>- <em>Praca w MAK to nieustanny rozw\u00f3j, ambitne projekty i mo\u017cliwo\u015b\u0107 wsp\u00f3\u0142pracy z najlepszymi specjalistami w bran\u017cy \u2013 stanowi\u0105cymi fundament sukcesu firmy. Piotr od lat odgrywa kluczow\u0105 rol\u0119 w budowaniu i wzmacnianiu Grupy MAK, a jego zaanga\u017cowanie, do\u015bwiadczenie i strategiczne podej\u015bcie mia\u0142y istotny wp\u0142yw na rozw\u00f3j organizacji. Przez lata wsp\u00f3\u0142pracy mia\u0142em okazj\u0119 obserwowa\u0107 jego profesjonalizm i determinacj\u0119 w realizacji ambitnych cel\u00f3w, dlatego jestem przekonany, \u017ce w nowej roli wniesie jeszcze wi\u0119ksz\u0105 warto\u015b\u0107 do naszej firmy. Awans Piotra to naturalny krok, kt\u00f3ry otwiera przed nami kolejne mo\u017cliwo\u015bci rozwoju i wyznaczania nowych standard\u00f3w w sektorze ubezpiecze\u0144 - <\/em><strong>podkre\u015bla Andrzej Wasilewski, Prezes Zarz\u0105du MAK Ubezpieczenia, wsp\u00f3\u0142za\u0142o\u017cyciel Grupy MAK.<\/strong><\/p>\n<p>&nbsp;<\/p>\n<p>Grupa MAK chce nie tylko systematycznie utrzymywa\u0107 swoj\u0105 pozycj\u0119 jako jedna z wiod\u0105cych firm na rynku, lecz tak\u017ce sukcesywnie j\u0105 wzmacnia\u0107, a powo\u0142anie Piotra \u015al\u0105zaka do Zarz\u0105du stanowi kolejny krok w realizacji strategicznych cel\u00f3w organizacji.<\/p>","protected":false},"excerpt":{"rendered":"<p>Z przyjemno\u015bci\u0105 informujemy, \u017ce Piotr \u015al\u0105zak zosta\u0142 powo\u0142any na stanowisko Cz\u0142onka Zarz\u0105du MAK Ubezpieczenia. Piotr jest zwi\u0105zany z Grup\u0105 MAK od momentu jej powstania, a w ostatnim czasie pe\u0142ni\u0142 funkcj\u0119 m.in. Prezesa Zarz\u0105du MSL Sp. z o.o., sp\u00f3\u0142ki wchodz\u0105cej w sk\u0142ad Grupy MAK, specjalizuj\u0105cej si\u0119 w kompleksowej obs\u0142udze klient\u00f3w flotowych i leasingowych w zakresie likwidacji [&hellip;]<\/p>","protected":false},"author":5,"featured_media":3188,"comment_status":"closed","ping_status":"open","sticky":false,"template":"","format":"standard","meta":{"_acf_changed":false,"footnotes":""},"categories":[4],"tags":[35,167,169,168,46,23],"table_tags":[],"class_list":["post-3187","post","type-post","status-publish","format-standard","has-post-thumbnail","hentry","category-mak-ubezpieczenia","tag-mak","tag-piotr","tag-powolanie","tag-slazak","tag-ubezpieczenia","tag-zarzad"],"acf":[],"_links":{"self":[{"href":"https:\/\/makubezpieczenia.pl\/en\/wp-json\/wp\/v2\/posts\/3187","targetHints":{"allow":["GET"]}}],"collection":[{"href":"https:\/\/makubezpieczenia.pl\/en\/wp-json\/wp\/v2\/posts"}],"about":[{"href":"https:\/\/makubezpieczenia.pl\/en\/wp-json\/wp\/v2\/types\/post"}],"author":[{"embeddable":true,"href":"https:\/\/makubezpieczenia.pl\/en\/wp-json\/wp\/v2\/users\/5"}],"replies":[{"embeddable":true,"href":"https:\/\/makubezpieczenia.pl\/en\/wp-json\/wp\/v2\/comments?post=3187"}],"version-history":[{"count":2,"href":"https:\/\/makubezpieczenia.pl\/en\/wp-json\/wp\/v2\/posts\/3187\/revisions"}],"predecessor-version":[{"id":3190,"href":"https:\/\/makubezpieczenia.pl\/en\/wp-json\/wp\/v2\/posts\/3187\/revisions\/3190"}],"wp:featuredmedia":[{"embeddable":true,"href":"https:\/\/makubezpieczenia.pl\/en\/wp-json\/wp\/v2\/media\/3188"}],"wp:attachment":[{"href":"https:\/\/makubezpieczenia.pl\/en\/wp-json\/wp\/v2\/media?parent=3187"}],"wp:term":[{"taxonomy":"category","embeddable":true,"href":"https:\/\/makubezpieczenia.pl\/en\/wp-json\/wp\/v2\/categories?post=3187"},{"taxonomy":"post_tag","embeddable":true,"href":"https:\/\/makubezpieczenia.pl\/en\/wp-json\/wp\/v2\/tags?post=3187"},{"taxonomy":"table_tags","embeddable":true,"href":"https:\/\/makubezpieczenia.pl\/en\/wp-json\/wp\/v2\/table_tags?post=3187"}],"curies":[{"name":"wp","href":"https:\/\/api.w.org\/{rel}","templated":true}]}}