{"id":329,"date":"2024-01-18T00:00:00","date_gmt":"2024-01-17T23:00:00","guid":{"rendered":"https:\/\/mak.dev\/wraz-z-klientami-chcemy-wyprzedzic-konkurencje-11-6\/"},"modified":"2025-04-23T14:38:18","modified_gmt":"2025-04-23T12:38:18","slug":"wraz-z-klientami-chcemy-wyprzedzic-konkurencje-11-6","status":"publish","type":"post","link":"https:\/\/makubezpieczenia.pl\/en\/wraz-z-klientami-chcemy-wyprzedzic-konkurencje-11-6\/","title":{"rendered":"Wektory 2023 rozdane - Grupa MAK partnerem strategicznym gali"},"content":{"rendered":"<div>\n<h4 id=\"w-sobot\u0119-odby\u0142a-si\u0119-uroczysta-gala-wr\u0119czenia-nagr\u00f3d-wektory-2023.-po-raz-dwudziesty-drugi-przyznane-zosta\u0142y-presti\u017cowe-statuetki\"><span class=\"fontColorNeutralDark\">W ubieg\u0142\u0105 sobot\u0119 odby\u0142a si\u0119 uroczysta Gala wr\u0119czenia nagr\u00f3d <strong>Wektory 2023<\/strong>. Po raz dwudziesty drugi przyznane zosta\u0142y presti\u017cowe statuetki dla wybitnych osobisto\u015bci ze \u015bwiata biznesu, polityki, kultury i medi\u00f3w, kt\u00f3re w szczeg\u00f3lny spos\u00f3b wp\u0142ywaj\u0105 na rozw\u00f3j polskiej gospodarki, wskazuj\u0105 nowatorskie rozwi\u0105zania oraz przyczyniaj\u0105 si\u0119 do rozwoju spo\u0142ecznego i kulturalnego w Polsce.\u00a0<\/span><\/h4>\n<\/div>\n<p>&nbsp;<\/p>\n<div>\n<h4 id=\"grupa-mak-by\u0142a-partnerem-strategicznym-gali!\"><span class=\"fontColorNeutralDark\"><strong>Grupa MAK by\u0142a partnerem strategicznym gali!\u00a0<\/strong><\/span><\/h4>\n<\/div>\n<p>&nbsp;<\/p>\n<p>W trakcie Gali przyznano tak\u017ce\u00a0<strong>Super Wektora 2023<\/strong>\u00a0dla\u00a0<strong>Szymona Ho\u0142owni<\/strong>\u00a0i\u00a0<strong>W\u0142adys\u0142awa Kosiniaka-Kamysza<\/strong>\u00a0za stworzenie koalicji b\u0119d\u0105cej alternatyw\u0105 dla pozosta\u0142ych ugrupowa\u0144 funkcjonuj\u0105cych na polskiej scenie politycznej oraz za wyj\u0105tkow\u0105 wsp\u00f3\u0142prac\u0119 ponad podzia\u0142ami, dla kt\u00f3rej najwa\u017cniejsze s\u0105: demokracja, wolno\u015b\u0107 s\u0142owa, praworz\u0105dno\u015b\u0107 i Konstytucja.<\/p>\n<p>&nbsp;<\/p>\n<p><strong>Andrzej Wasilewski, Prezes Zarz\u0105du MAK Ubezpieczenia, jako Partner Strategiczny<\/strong>\u00a0wydarzenia, mia\u0142 przyjemno\u015b\u0107 wr\u0119cza\u0107 Wektora Pani\u00a0<strong>Ewie Wernerowicz<\/strong>, Przewodnicz\u0105cej Rady Nadzorczej Soonly Finance. Podkre\u015blona zosta\u0142a jej determinacja, odwaga i strategiczne dzia\u0142ania podejmowane w mi\u0119dzynarodowym \u015brodowisku biznesowym w trakcie kryzysu humanitarnego zwi\u0105zanego z wojn\u0105\u00a0w Ukrainie. Uhonorowano jej wyj\u0105tkowe serce i hojno\u015b\u0107 pokazane tym, kt\u00f3rzy nagle znale\u017ali si\u0119 w potrzebie. Wr\u0119czenie nagrody by\u0142o dla Andrzeja Wasilewskiego szczeg\u00f3lnym wydarzeniem, gdy\u017c otrzyma\u0142\u00a0<strong>Wektora Serca<\/strong>\u00a0za wsparcie i pomoc Ukrainie w 2022 roku podczas Europejskiego Kongresu Gospodarczego w Katowicach.<\/p>\n<p>&nbsp;<\/p>\n<p>&nbsp;<\/p>\n<blockquote><p><span class=\"fontColorThemeDarker\">\u201e<\/span><i><span class=\"fontColorThemeDarker\">Obecno\u015b\u0107 na tak presti\u017cowej gali i w\u015br\u00f3d tak wspania\u0142ych go\u015bci by\u0142a dla nas ogromnym zaszczytem. Jeste\u015bmy wdzi\u0119czni Pracodawcom RP za propozycj\u0119 wsp\u00f3\u0142pracy. To by\u0142 bardzo ciekawy i inspiruj\u0105cy wiecz\u00f3r, podczas kt\u00f3rego upewnili\u015bmy si\u0119, \u017ce przed nami nowe mo\u017cliwo\u015bci i perspektywy.<\/span><\/i><span class=\"fontColorThemeDarker\">\u201d\u00a0<\/span><span class=\"fontSizeMedium\"><strong>\u2013 podkre\u015bla Andrzej Wasilewski<\/strong><\/span><\/p><\/blockquote>\n<p>&nbsp;<\/p>\n<p>&nbsp;<\/p>\n<p>&nbsp;<\/p>","protected":false},"excerpt":{"rendered":"<p>W ubieg\u0142\u0105 sobot\u0119 odby\u0142a si\u0119 uroczysta Gala wr\u0119czenia nagr\u00f3d Wektory 2023. Po raz dwudziesty drugi przyznane zosta\u0142y presti\u017cowe statuetki dla wybitnych osobisto\u015bci ze \u015bwiata biznesu, polityki, kultury i medi\u00f3w, kt\u00f3re w szczeg\u00f3lny spos\u00f3b wp\u0142ywaj\u0105 na rozw\u00f3j polskiej gospodarki, wskazuj\u0105 nowatorskie rozwi\u0105zania oraz przyczyniaj\u0105 si\u0119 do rozwoju spo\u0142ecznego i kulturalnego w Polsce.\u00a0 &nbsp; Grupa MAK by\u0142a [&hellip;]<\/p>","protected":false},"author":7,"featured_media":932,"comment_status":"closed","ping_status":"open","sticky":false,"template":"","format":"standard","meta":{"_acf_changed":false,"footnotes":""},"categories":[4],"tags":[],"table_tags":[],"class_list":["post-329","post","type-post","status-publish","format-standard","has-post-thumbnail","hentry","category-mak-ubezpieczenia"],"acf":[],"_links":{"self":[{"href":"https:\/\/makubezpieczenia.pl\/en\/wp-json\/wp\/v2\/posts\/329","targetHints":{"allow":["GET"]}}],"collection":[{"href":"https:\/\/makubezpieczenia.pl\/en\/wp-json\/wp\/v2\/posts"}],"about":[{"href":"https:\/\/makubezpieczenia.pl\/en\/wp-json\/wp\/v2\/types\/post"}],"author":[{"embeddable":true,"href":"https:\/\/makubezpieczenia.pl\/en\/wp-json\/wp\/v2\/users\/7"}],"replies":[{"embeddable":true,"href":"https:\/\/makubezpieczenia.pl\/en\/wp-json\/wp\/v2\/comments?post=329"}],"version-history":[{"count":4,"href":"https:\/\/makubezpieczenia.pl\/en\/wp-json\/wp\/v2\/posts\/329\/revisions"}],"predecessor-version":[{"id":887,"href":"https:\/\/makubezpieczenia.pl\/en\/wp-json\/wp\/v2\/posts\/329\/revisions\/887"}],"wp:featuredmedia":[{"embeddable":true,"href":"https:\/\/makubezpieczenia.pl\/en\/wp-json\/wp\/v2\/media\/932"}],"wp:attachment":[{"href":"https:\/\/makubezpieczenia.pl\/en\/wp-json\/wp\/v2\/media?parent=329"}],"wp:term":[{"taxonomy":"category","embeddable":true,"href":"https:\/\/makubezpieczenia.pl\/en\/wp-json\/wp\/v2\/categories?post=329"},{"taxonomy":"post_tag","embeddable":true,"href":"https:\/\/makubezpieczenia.pl\/en\/wp-json\/wp\/v2\/tags?post=329"},{"taxonomy":"table_tags","embeddable":true,"href":"https:\/\/makubezpieczenia.pl\/en\/wp-json\/wp\/v2\/table_tags?post=329"}],"curies":[{"name":"wp","href":"https:\/\/api.w.org\/{rel}","templated":true}]}}