{"id":333,"date":"2024-05-02T00:00:00","date_gmt":"2024-05-01T22:00:00","guid":{"rendered":"https:\/\/mak.dev\/wraz-z-klientami-chcemy-wyprzedzic-konkurencje-11-9\/"},"modified":"2025-04-23T14:38:18","modified_gmt":"2025-04-23T12:38:18","slug":"wraz-z-klientami-chcemy-wyprzedzic-konkurencje-11-9","status":"publish","type":"post","link":"https:\/\/makubezpieczenia.pl\/en\/wraz-z-klientami-chcemy-wyprzedzic-konkurencje-11-9\/","title":{"rendered":"Zmiany w Zarz\u0105dzie MAK International"},"content":{"rendered":"<h4>Informujemy, \u017ce nast\u0105pi\u0142y zmiany w Zarz\u0105dzie MAK International. Do Zarz\u0105du do\u0142\u0105czyli:<\/h4>\n<p><strong>\u0141ukasz Babik<\/strong> \u2013 Wiceprezes Zarz\u0105du MAK International<br \/>\n<strong>Aleksander Wasilewski<\/strong> \u2013 Cz\u0142onek Zarz\u0105du<\/p>\n<p>&nbsp;<\/p>\n<p>\u0141ukasz pracuje w Grupie MAK od marca 2022 r. i dotychczas pe\u0142ni\u0142 funkcj\u0119 International Sales Director w MAK International.<\/p>\n<p>&nbsp;<\/p>\n<p>Aleksander pracuje w Grupie MAK od kwietnia 2019 r. i dotychczas pe\u0142ni\u0142 funkcj\u0119 Business Strategy Manager w MAK International.<\/p>\n<p>&nbsp;<\/p>\n<p>&nbsp;<\/p>\n<h4 style=\"text-align: center;\">Sk\u0142ad Zarz\u0105du MAK International:<\/h4>\n<p style=\"text-align: center;\">\u0141ukasz Babik \u2013 Wiceprezes Zarz\u0105du<\/p>\n<p style=\"text-align: center;\">Jacek Surmacz \u2013 Wiceprezes Zarz\u0105du<\/p>\n<p style=\"text-align: center;\">Aleksander Wasilewski \u2013 Cz\u0142onek Zarz\u0105du<\/p>\n<p>&nbsp;<\/p>\n<blockquote><p>\u201eBardzo si\u0119 ciesz\u0119, \u017ce nasza dotychczasowa praca i osi\u0105gniecia pozwoli\u0142y na to, aby m\u00f3c dalej rozwija\u0107 MAK International z poziomu zarz\u0105du. Daje nam to wi\u0119ksze mo\u017cliwo\u015bci i na pewno prze\u0142o\u017cy si\u0119 na dynamiczne i widoczne dzia\u0142ania\u201d.<\/p><\/blockquote>\n<p>&nbsp;<\/p>\n<p>podkre\u015bla \u0141ukasz Babik Wiceprezes Zarz\u0105du MAK International<\/p>\n<p style=\"box-sizing: border-box; margin-top: 0px; margin-bottom: 0px; font-size: 1.13em; line-height: 1.23; color: #050811; font-family: Figtree, sans-serif; font-style: normal; font-variant-ligatures: normal; font-variant-caps: normal; font-weight: 400; letter-spacing: normal; orphans: 2; text-align: start; text-indent: 0px; text-transform: none; widows: 2; word-spacing: 0px; -webkit-text-stroke-width: 0px; white-space: normal; background-color: #ffffff; text-decoration-thickness: initial; text-decoration-style: initial; text-decoration-color: initial;\">\u200d<\/p>\n<p>&nbsp;<\/p>","protected":false},"excerpt":{"rendered":"<p>Informujemy, \u017ce nast\u0105pi\u0142y zmiany w Zarz\u0105dzie MAK International. Do Zarz\u0105du do\u0142\u0105czyli: \u0141ukasz Babik \u2013 Wiceprezes Zarz\u0105du MAK International Aleksander Wasilewski \u2013 Cz\u0142onek Zarz\u0105du &nbsp; \u0141ukasz pracuje w Grupie MAK od marca 2022 r. i dotychczas pe\u0142ni\u0142 funkcj\u0119 International Sales Director w MAK International. &nbsp; Aleksander pracuje w Grupie MAK od kwietnia 2019 r. i dotychczas [&hellip;]<\/p>","protected":false},"author":7,"featured_media":931,"comment_status":"closed","ping_status":"open","sticky":false,"template":"","format":"standard","meta":{"_acf_changed":false,"footnotes":""},"categories":[3],"tags":[],"table_tags":[],"class_list":["post-333","post","type-post","status-publish","format-standard","has-post-thumbnail","hentry","category-mak-international"],"acf":[],"_links":{"self":[{"href":"https:\/\/makubezpieczenia.pl\/en\/wp-json\/wp\/v2\/posts\/333","targetHints":{"allow":["GET"]}}],"collection":[{"href":"https:\/\/makubezpieczenia.pl\/en\/wp-json\/wp\/v2\/posts"}],"about":[{"href":"https:\/\/makubezpieczenia.pl\/en\/wp-json\/wp\/v2\/types\/post"}],"author":[{"embeddable":true,"href":"https:\/\/makubezpieczenia.pl\/en\/wp-json\/wp\/v2\/users\/7"}],"replies":[{"embeddable":true,"href":"https:\/\/makubezpieczenia.pl\/en\/wp-json\/wp\/v2\/comments?post=333"}],"version-history":[{"count":5,"href":"https:\/\/makubezpieczenia.pl\/en\/wp-json\/wp\/v2\/posts\/333\/revisions"}],"predecessor-version":[{"id":843,"href":"https:\/\/makubezpieczenia.pl\/en\/wp-json\/wp\/v2\/posts\/333\/revisions\/843"}],"wp:featuredmedia":[{"embeddable":true,"href":"https:\/\/makubezpieczenia.pl\/en\/wp-json\/wp\/v2\/media\/931"}],"wp:attachment":[{"href":"https:\/\/makubezpieczenia.pl\/en\/wp-json\/wp\/v2\/media?parent=333"}],"wp:term":[{"taxonomy":"category","embeddable":true,"href":"https:\/\/makubezpieczenia.pl\/en\/wp-json\/wp\/v2\/categories?post=333"},{"taxonomy":"post_tag","embeddable":true,"href":"https:\/\/makubezpieczenia.pl\/en\/wp-json\/wp\/v2\/tags?post=333"},{"taxonomy":"table_tags","embeddable":true,"href":"https:\/\/makubezpieczenia.pl\/en\/wp-json\/wp\/v2\/table_tags?post=333"}],"curies":[{"name":"wp","href":"https:\/\/api.w.org\/{rel}","templated":true}]}}