{"id":4350,"date":"2026-03-10T11:44:52","date_gmt":"2026-03-10T10:44:52","guid":{"rendered":"https:\/\/makubezpieczenia.pl\/?p=4350"},"modified":"2026-04-28T10:59:02","modified_gmt":"2026-04-28T08:59:02","slug":"transport-summit-4-0","status":"publish","type":"post","link":"https:\/\/makubezpieczenia.pl\/en\/transport-summit-4-0\/","title":{"rendered":"Transport Summit 4.0"},"content":{"rendered":"<p>W tym roku ponownie anga\u017cujemy si\u0119 w konferencje organizowane przez magazyn <strong>Transport Manager<\/strong>, aktywnie dziel\u0105c si\u0119 praktyczn\u0105 wiedz\u0105 oraz do\u015bwiadczeniem opartym na rzeczywistych case studies. Wierzymy, \u017ce najlepsze rozwi\u0105zania powstaj\u0105 na styku teorii i praktyki, dlatego podczas naszych wyst\u0105pie\u0144 koncentrujemy si\u0119 na konkretnych przyk\u0142adach, kt\u00f3re realnie wspieraj\u0105 rozw\u00f3j firm z bran\u017cy TSL.<\/p>\n\n\n\n<p>\ud83d\udccd <strong>Transport Summit 4.0 <\/strong>w Warszawie ju\u017c za nami \u2013 dzi\u0119kujemy wszystkim uczestnikom za obecno\u015b\u0107, inspiruj\u0105ce rozmowy oraz wymian\u0119 cennych spostrze\u017ce\u0144. To wydarzenie po raz kolejny pokaza\u0142o, jak wa\u017cna jest wsp\u00f3\u0142praca i dzielenie si\u0119 do\u015bwiadczeniami w dynamicznie zmieniaj\u0105cym si\u0119 \u015brodowisku transportu, spedycji i logistyki.<\/p>\n\n\n\n<p>To jednak dopiero pocz\u0105tek! Przed nami kolejne spotkania w r\u00f3\u017cnych cz\u0119\u015bciach Polski. Ju\u017c w najbli\u017cszym czasie b\u0119dziecie mogli spotka\u0107 naszych ekspert\u00f3w m.in. w Poznaniu i Katowicach, gdzie ponownie poruszymy najwa\u017cniejsze tematy bran\u017cowe, takie jak optymalizacja proces\u00f3w, efektywne zarz\u0105dzanie flot\u0105 czy wyzwania zwi\u0105zane z rosn\u0105cymi kosztami operacyjnymi.<\/p>\n\n\n\n<p>Szczeg\u00f3lnie serdecznie zapraszamy r\u00f3wnie\u017c na Synergy Kongres w Opolu (20 maja) \u2013 wydarzenie, kt\u00f3re stanowi doskona\u0142\u0105 platform\u0119 do networkingu, zdobywania nowej wiedzy oraz poznania najnowszych trend\u00f3w i rozwi\u0105za\u0144 wspieraj\u0105cych rozw\u00f3j biznesu w sektorze TSL.<\/p>\n\n\n\n<p><\/p>","protected":false},"excerpt":{"rendered":"<p>W tym roku ponownie anga\u017cujemy si\u0119 w konferencje organizowane przez magazyn Transport Manager, aktywnie dziel\u0105c si\u0119 praktyczn\u0105 wiedz\u0105 oraz do\u015bwiadczeniem opartym na rzeczywistych case studies. Wierzymy, \u017ce najlepsze rozwi\u0105zania powstaj\u0105 na styku teorii i praktyki, dlatego podczas naszych wyst\u0105pie\u0144 koncentrujemy si\u0119 na konkretnych przyk\u0142adach, kt\u00f3re realnie wspieraj\u0105 rozw\u00f3j firm z bran\u017cy TSL. \ud83d\udccd Transport Summit [&hellip;]<\/p>","protected":false},"author":9,"featured_media":4460,"comment_status":"closed","ping_status":"closed","sticky":false,"template":"","format":"standard","meta":{"_acf_changed":false,"footnotes":""},"categories":[4],"tags":[258,192,54,178,35,257,237,236],"table_tags":[],"class_list":["post-4350","post","type-post","status-publish","format-standard","has-post-thumbnail","hentry","category-mak-ubezpieczenia","tag-4-0","tag-grupa-mak","tag-konferencja","tag-kongres","tag-mak","tag-summit","tag-synergy","tag-transport"],"acf":[],"_links":{"self":[{"href":"https:\/\/makubezpieczenia.pl\/en\/wp-json\/wp\/v2\/posts\/4350","targetHints":{"allow":["GET"]}}],"collection":[{"href":"https:\/\/makubezpieczenia.pl\/en\/wp-json\/wp\/v2\/posts"}],"about":[{"href":"https:\/\/makubezpieczenia.pl\/en\/wp-json\/wp\/v2\/types\/post"}],"author":[{"embeddable":true,"href":"https:\/\/makubezpieczenia.pl\/en\/wp-json\/wp\/v2\/users\/9"}],"replies":[{"embeddable":true,"href":"https:\/\/makubezpieczenia.pl\/en\/wp-json\/wp\/v2\/comments?post=4350"}],"version-history":[{"count":2,"href":"https:\/\/makubezpieczenia.pl\/en\/wp-json\/wp\/v2\/posts\/4350\/revisions"}],"predecessor-version":[{"id":4461,"href":"https:\/\/makubezpieczenia.pl\/en\/wp-json\/wp\/v2\/posts\/4350\/revisions\/4461"}],"wp:featuredmedia":[{"embeddable":true,"href":"https:\/\/makubezpieczenia.pl\/en\/wp-json\/wp\/v2\/media\/4460"}],"wp:attachment":[{"href":"https:\/\/makubezpieczenia.pl\/en\/wp-json\/wp\/v2\/media?parent=4350"}],"wp:term":[{"taxonomy":"category","embeddable":true,"href":"https:\/\/makubezpieczenia.pl\/en\/wp-json\/wp\/v2\/categories?post=4350"},{"taxonomy":"post_tag","embeddable":true,"href":"https:\/\/makubezpieczenia.pl\/en\/wp-json\/wp\/v2\/tags?post=4350"},{"taxonomy":"table_tags","embeddable":true,"href":"https:\/\/makubezpieczenia.pl\/en\/wp-json\/wp\/v2\/table_tags?post=4350"}],"curies":[{"name":"wp","href":"https:\/\/api.w.org\/{rel}","templated":true}]}}