{"id":4364,"date":"2026-03-19T12:13:28","date_gmt":"2026-03-19T11:13:28","guid":{"rendered":"https:\/\/makubezpieczenia.pl\/?p=4364"},"modified":"2026-04-28T11:43:21","modified_gmt":"2026-04-28T09:43:21","slug":"ubezpieczenia-dla-sektora-jadrowego-kluczowe-wyzwania-i-perspektywy","status":"publish","type":"post","link":"https:\/\/makubezpieczenia.pl\/en\/ubezpieczenia-dla-sektora-jadrowego-kluczowe-wyzwania-i-perspektywy\/","title":{"rendered":"Ubezpieczenia dla sektora j\u0105drowego \u2013 kluczowe wyzwania i perspektywy"},"content":{"rendered":"<p>Za nami panel <strong>\u201eUbezpieczenia dla sektora j\u0105drowego<\/strong> \u2013 jak przygotowa\u0107 polski biznes?\u201d zrealizowany w ramach konferencji \u201eAtomowe Szanse\u201d, organizowanej przez <strong>Polskie Elektrownie J\u0105drowe<\/strong>. Wydarzenie zgromadzi\u0142o ekspert\u00f3w oraz przedstawicieli firm zaanga\u017cowanych w rozw\u00f3j energetyki j\u0105drowej w Polsce, tworz\u0105c przestrze\u0144 do merytorycznej dyskusji na temat wyzwa\u0144 i szans stoj\u0105cych przed rynkiem.<\/p>\n\n\n\n<p>\ud83d\udca1 W panelu udzia\u0142 wzi\u0105\u0142 <strong>Adam Pustelnik, Dyrektor Ryzyka i Bezpiecze\u0144stwa Informacji<\/strong> w MAK IT Sp. z o.o., kt\u00f3ry podzieli\u0142 si\u0119 praktycznym spojrzeniem na kwestie zarz\u0105dzania ryzykiem w kontek\u015bcie du\u017cych projekt\u00f3w infrastrukturalnych.<\/p>\n\n\n\n<p>W trakcie dyskusji poruszone zosta\u0142y kluczowe zagadnienia, w tym:<\/p>\n\n\n\n<ul class=\"wp-block-list\">\n<li>specyfika ryzyk zwi\u0105zanych z realizacj\u0105 projekt\u00f3w j\u0105drowych oraz ich skala i z\u0142o\u017cono\u015b\u0107,<\/li>\n\n\n\n<li>rola ubezpiecze\u0144 w zabezpieczaniu kontrakt\u00f3w i stabilno\u015bci inwestycji,<\/li>\n\n\n\n<li>znaczenie odpowiedniego zarz\u0105dzania ryzykiem na ka\u017cdym etapie realizacji projektu,<\/li>\n\n\n\n<li>rosn\u0105ce zagro\u017cenia cybernetyczne dla firm uczestnicz\u0105cych w \u0142a\u0144cuchu dostaw sektora j\u0105drowego.<\/li>\n<\/ul>\n\n\n\n<p>Szczeg\u00f3ln\u0105 uwag\u0119 po\u015bwi\u0119cono kwestii cyberbezpiecze\u0144stwa, kt\u00f3re staje si\u0119 jednym z kluczowych obszar\u00f3w ryzyka w kontek\u015bcie infrastruktury krytycznej. Wraz z post\u0119puj\u0105c\u0105 cyfryzacj\u0105 oraz integracj\u0105 system\u00f3w operacyjnych i IT, organizacje musz\u0105 jeszcze bardziej \u015bwiadomie podchodzi\u0107 do ochrony danych i ci\u0105g\u0142o\u015bci dzia\u0142ania.<\/p>\n\n\n\n<p>Udzia\u0142 w panelu by\u0142 okazj\u0105 do wymiany do\u015bwiadcze\u0144 oraz spojrzenia na rozw\u00f3j sektora j\u0105drowego z perspektywy zarz\u0105dzania ryzykiem i ubezpiecze\u0144 \u2013 obszar\u00f3w, kt\u00f3re b\u0119d\u0105 odgrywa\u0107 istotn\u0105 rol\u0119 w realizacji strategicznych inwestycji energetycznych w Polsce.<\/p>","protected":false},"excerpt":{"rendered":"<p>Za nami panel \u201eUbezpieczenia dla sektora j\u0105drowego \u2013 jak przygotowa\u0107 polski biznes?\u201d zrealizowany w ramach konferencji \u201eAtomowe Szanse\u201d, organizowanej przez Polskie Elektrownie J\u0105drowe. Wydarzenie zgromadzi\u0142o ekspert\u00f3w oraz przedstawicieli firm zaanga\u017cowanych w rozw\u00f3j energetyki j\u0105drowej w Polsce, tworz\u0105c przestrze\u0144 do merytorycznej dyskusji na temat wyzwa\u0144 i szans stoj\u0105cych przed rynkiem. \ud83d\udca1 W panelu udzia\u0142 wzi\u0105\u0142 Adam [&hellip;]<\/p>","protected":false},"author":9,"featured_media":4465,"comment_status":"closed","ping_status":"closed","sticky":false,"template":"","format":"standard","meta":{"_acf_changed":false,"footnotes":""},"categories":[4],"tags":[238,235,260,192,261,35,259,248,247],"table_tags":[],"class_list":["post-4364","post","type-post","status-publish","format-standard","has-post-thumbnail","hentry","category-mak-ubezpieczenia","tag-bezpieczenstwo","tag-cyber","tag-energetyka","tag-grupa-mak","tag-jadrowa","tag-mak","tag-pej","tag-ryzykiem","tag-zarzadzanie"],"acf":[],"_links":{"self":[{"href":"https:\/\/makubezpieczenia.pl\/en\/wp-json\/wp\/v2\/posts\/4364","targetHints":{"allow":["GET"]}}],"collection":[{"href":"https:\/\/makubezpieczenia.pl\/en\/wp-json\/wp\/v2\/posts"}],"about":[{"href":"https:\/\/makubezpieczenia.pl\/en\/wp-json\/wp\/v2\/types\/post"}],"author":[{"embeddable":true,"href":"https:\/\/makubezpieczenia.pl\/en\/wp-json\/wp\/v2\/users\/9"}],"replies":[{"embeddable":true,"href":"https:\/\/makubezpieczenia.pl\/en\/wp-json\/wp\/v2\/comments?post=4364"}],"version-history":[{"count":2,"href":"https:\/\/makubezpieczenia.pl\/en\/wp-json\/wp\/v2\/posts\/4364\/revisions"}],"predecessor-version":[{"id":4466,"href":"https:\/\/makubezpieczenia.pl\/en\/wp-json\/wp\/v2\/posts\/4364\/revisions\/4466"}],"wp:featuredmedia":[{"embeddable":true,"href":"https:\/\/makubezpieczenia.pl\/en\/wp-json\/wp\/v2\/media\/4465"}],"wp:attachment":[{"href":"https:\/\/makubezpieczenia.pl\/en\/wp-json\/wp\/v2\/media?parent=4364"}],"wp:term":[{"taxonomy":"category","embeddable":true,"href":"https:\/\/makubezpieczenia.pl\/en\/wp-json\/wp\/v2\/categories?post=4364"},{"taxonomy":"post_tag","embeddable":true,"href":"https:\/\/makubezpieczenia.pl\/en\/wp-json\/wp\/v2\/tags?post=4364"},{"taxonomy":"table_tags","embeddable":true,"href":"https:\/\/makubezpieczenia.pl\/en\/wp-json\/wp\/v2\/table_tags?post=4364"}],"curies":[{"name":"wp","href":"https:\/\/api.w.org\/{rel}","templated":true}]}}